{"id":2918,"date":"2022-06-06T19:59:00","date_gmt":"2022-06-06T19:59:00","guid":{"rendered":"https:\/\/villatf.com\/?p=2918"},"modified":"2022-06-06T20:41:16","modified_gmt":"2022-06-06T20:41:16","slug":"bandera-se-convierte-en-la-primera-playa-inclusiva-de-parrita","status":"publish","type":"post","link":"https:\/\/villatf.com\/es\/bandera-se-convierte-en-la-primera-playa-inclusiva-de-parrita\/","title":{"rendered":"BANDERA SE CONVIERTE EN LA PRIMERA PLAYA INCLUSIVA DE PARRITA"},"content":{"rendered":"\t\t<div data-elementor-type=\"wp-post\" data-elementor-id=\"2918\" class=\"elementor elementor-2918\">\n\t\t\t\t\t\t\t\t\t<section class=\"elementor-section elementor-top-section elementor-element elementor-element-2d5edad elementor-section-boxed elementor-section-height-default elementor-section-height-default wpr-particle-no wpr-jarallax-no wpr-parallax-no wpr-sticky-section-no\" data-id=\"2d5edad\" data-element_type=\"section\">\n\t\t\t\t\t\t<div class=\"elementor-container elementor-column-gap-default\">\n\t\t\t\t\t<div class=\"elementor-column elementor-col-100 elementor-top-column elementor-element elementor-element-71f08ee\" data-id=\"71f08ee\" data-element_type=\"column\">\n\t\t\t<div class=\"elementor-widget-wrap elementor-element-populated\">\n\t\t\t\t\t\t\t\t<div class=\"elementor-element elementor-element-9bd3c14 elementor-widget elementor-widget-text-editor\" data-id=\"9bd3c14\" data-element_type=\"widget\" data-widget_type=\"text-editor.default\">\n\t\t\t\t<div class=\"elementor-widget-container\">\n\t\t\t<style>\/*! elementor - v3.6.6 - 08-06-2022 *\/\n.elementor-widget-text-editor.elementor-drop-cap-view-stacked .elementor-drop-cap{background-color:#818a91;color:#fff}.elementor-widget-text-editor.elementor-drop-cap-view-framed .elementor-drop-cap{color:#818a91;border:3px solid;background-color:transparent}.elementor-widget-text-editor:not(.elementor-drop-cap-view-default) .elementor-drop-cap{margin-top:8px}.elementor-widget-text-editor:not(.elementor-drop-cap-view-default) .elementor-drop-cap-letter{width:1em;height:1em}.elementor-widget-text-editor .elementor-drop-cap{float:left;text-align:center;line-height:1;font-size:50px}.elementor-widget-text-editor .elementor-drop-cap-letter{display:inline-block}<\/style>\t\t\t\t<p><strong>\u27a0 Gracias al programa \u201cImpulso Rural\u201d del Inder se adquiri\u00f3 una rampa pl\u00e1stica especial y silla anfibia que permitir\u00e1n a las personas con discapacidad o movilidad reducida disfrutar de la playa.<\/strong><\/p><p><strong>\u27a0 Asociaci\u00f3n de Desarrollo de Playa Bandera lider\u00f3 la iniciativa con el apoyo de la Municipalidad de Parrita, Conapdis y la Red Costarricense de Turismo Accesible.<\/strong><\/p><p><strong>\u27a0 ADI de Playa Parrita recibi\u00f3 \u20a15 millones de recursos no reembolsables del Inder.<\/strong><\/p>\t\t\t\t\t\t<\/div>\n\t\t\t\t<\/div>\n\t\t\t\t<div class=\"elementor-element elementor-element-4eaf643 elementor-widget elementor-widget-text-editor\" data-id=\"4eaf643\" data-element_type=\"widget\" data-widget_type=\"text-editor.default\">\n\t\t\t\t<div class=\"elementor-widget-container\">\n\t\t\t\t\t\t\t<p><strong>Parrita, Puntarenas.\u00a0<\/strong>\u201cDesde que \u2018Impulso Rural\u2019 del Inder se lanz\u00f3, nuestra organizaci\u00f3n fue una de las primeras en participar. Uno de nuestros proyectos novedosos era convertir a Bandera en una playa inclusiva y hoy es una realidad con el equipamiento que adquirimos\u201d.<\/p><p>As\u00ed resumi\u00f3 Gabriela Torres de la Asociaci\u00f3n de Desarrollo Integral de Playa Bandera el proyecto entregado este jueves 27 de enero, en el marco de la gira en el Territorio Rural Quepos-Garabito-Parrita, realizada por el presidente ejecutivo del Instituto de Desarrollo Rural (Inder), Luis Diego Quesada.<\/p><p>La ADI de Playa Bandera fue una de las 47 organizaciones en todo el pa\u00eds que recibieron recursos la iniciativa \u201cImpulso Rural\u201d para apoyar a las organizaciones relacionadas directa o indirectamente con la presentaci\u00f3n de servicios tur\u00edsticos en los Territorios del pa\u00eds, para promover su recuperaci\u00f3n luego de las afectaciones socioecon\u00f3micas causadas producto de la pandemia.\u00a0<\/p><p>Cada organizaci\u00f3n recibi\u00f3 \u20a15 millones para sus iniciativas, para un total de \u20a1235 millones de recursos no reembolsables que fueron entregados por el Instituto de Desarrollo Rural (Inder). La iniciativa fue lanzada en colaboraci\u00f3n con el Instituto Costarricense de Turismo (ICT) en el a\u00f1o 2021.\u00a0<\/p>\t\t\t\t\t\t<\/div>\n\t\t\t\t<\/div>\n\t\t\t\t<div class=\"elementor-element elementor-element-891cd9c elementor-widget elementor-widget-image\" data-id=\"891cd9c\" data-element_type=\"widget\" data-widget_type=\"image.default\">\n\t\t\t\t<div class=\"elementor-widget-container\">\n\t\t\t<style>\/*! elementor - v3.6.6 - 08-06-2022 *\/\n.elementor-widget-image{text-align:center}.elementor-widget-image a{display:inline-block}.elementor-widget-image a img[src$=\".svg\"]{width:48px}.elementor-widget-image img{vertical-align:middle;display:inline-block}<\/style>\t\t\t\t\t\t\t\t\t\t\t\t<img width=\"768\" height=\"576\" src=\"https:\/\/villatf.com\/wp-content\/uploads\/2022\/06\/Villa_Tortuga_Feliz_Playa_Bandera_Inclusiva_2-768x576.jpeg\" class=\"attachment-medium_large size-medium_large\" alt=\"Villa_Tortuga_Feliz_Playa_Bandera_Inclusiva_2\" srcset=\"https:\/\/villatf.com\/wp-content\/uploads\/2022\/06\/Villa_Tortuga_Feliz_Playa_Bandera_Inclusiva_2-768x576.jpeg 768w, https:\/\/villatf.com\/wp-content\/uploads\/2022\/06\/Villa_Tortuga_Feliz_Playa_Bandera_Inclusiva_2-300x225.jpeg 300w, https:\/\/villatf.com\/wp-content\/uploads\/2022\/06\/Villa_Tortuga_Feliz_Playa_Bandera_Inclusiva_2-1024x768.jpeg 1024w, https:\/\/villatf.com\/wp-content\/uploads\/2022\/06\/Villa_Tortuga_Feliz_Playa_Bandera_Inclusiva_2-600x450.jpeg 600w, https:\/\/villatf.com\/wp-content\/uploads\/2022\/06\/Villa_Tortuga_Feliz_Playa_Bandera_Inclusiva_2-16x12.jpeg 16w, https:\/\/villatf.com\/wp-content\/uploads\/2022\/06\/Villa_Tortuga_Feliz_Playa_Bandera_Inclusiva_2-1140x855.jpeg 1140w, https:\/\/villatf.com\/wp-content\/uploads\/2022\/06\/Villa_Tortuga_Feliz_Playa_Bandera_Inclusiva_2.jpeg 1280w\" sizes=\"(max-width: 768px) 100vw, 768px\" \/>\t\t\t\t\t\t\t\t\t\t\t\t\t\t\t<\/div>\n\t\t\t\t<\/div>\n\t\t\t\t<div class=\"elementor-element elementor-element-fbdf3b2 elementor-widget elementor-widget-text-editor\" data-id=\"fbdf3b2\" data-element_type=\"widget\" data-widget_type=\"text-editor.default\">\n\t\t\t\t<div class=\"elementor-widget-container\">\n\t\t\t\t\t\t\t<p>El proyecto desarrollado fue el de una playa inclusiva, para lo cual se adquiri\u00f3 una rampa reciclada de pl\u00e1stico y una silla anfibia especial para usar en el agua. De esta forma, las personas en silla de ruedas o con movilidad reducida pueden ingresar y disfrutar de la playa con total seguridad para ellos y sus familias.\u00a0<\/p><p>La propuesta tambi\u00e9n cont\u00f3 con el apoyo del Consejo Nacional de Personas con Discapacidad (CONAPDIS), la Municipalidad de Parrita y la Red Costarricense de Turismo Accesible que se encarg\u00f3 de adquirir los equipos especializados.<\/p><p>\u201cAl tiempo que se dan pasos decididos hacia la inclusividad, con este proyecto estamos apoyando la reactivaci\u00f3n econ\u00f3mica local, ya que se ven beneficiados tambi\u00e9n actividades como la venta de artesan\u00edas locales, los restaurantes locales y la comunidad en general\u201d apunt\u00f3 el presidente ejecutivo del Inder, Luis Diego Quesada.\u00a0<\/p><p>Seg\u00fan los datos de la ADI Playa Bandera, con esta iniciativa se ver\u00e1n beneficiadas unas 40 familias de forma directa y 30 indirectamente.\u00a0<\/p><p>Fuente: <a href=\"https:\/\/www.presidencia.go.cr\/comunicados\/2022\/01\/bandera-se-convierte-en-la-primera-playa-inclusiva-de-parrita\/\">presidencia.go.cr<\/a><\/p>\t\t\t\t\t\t<\/div>\n\t\t\t\t<\/div>\n\t\t\t\t\t<\/div>\n\t\t<\/div>\n\t\t\t\t\t\t\t<\/div>\n\t\t<\/section>\n\t\t\t\t\t\t\t<\/div>\n\t\t","protected":false},"excerpt":{"rendered":"<p>\u27a0 Gracias al programa \u201cImpulso Rural\u201d del Inder se adquiri\u00f3 una rampa pl\u00e1stica especial y silla anfibia que permitir\u00e1n a las personas con discapacidad o movilidad reducida disfrutar de la playa. \u27a0 Asociaci\u00f3n de Desarrollo de Playa Bandera lider\u00f3 la iniciativa con el apoyo de la Municipalidad de Parrita, Conapdis y la Red Costarricense de Turismo Accesible. \u27a0 ADI de Playa Parrita recibi\u00f3 \u20a15 millones de recursos no reembolsables del Inder. Parrita, Puntarenas.\u00a0\u201cDesde que \u2018Impulso Rural\u2019 del Inder se lanz\u00f3, nuestra organizaci\u00f3n fue una de las primeras en participar. Uno de nuestros proyectos novedosos era convertir a Bandera en una playa inclusiva y hoy es una realidad con el equipamiento que adquirimos\u201d. As\u00ed resumi\u00f3 Gabriela Torres de la Asociaci\u00f3n de Desarrollo Integral de Playa Bandera el proyecto entregado este jueves 27 de enero, en el marco de la gira en el Territorio Rural Quepos-Garabito-Parrita, realizada por el presidente ejecutivo del Instituto de Desarrollo Rural (Inder), Luis Diego Quesada. La ADI de Playa Bandera fue una de las 47 organizaciones en todo el pa\u00eds que recibieron recursos la iniciativa \u201cImpulso Rural\u201d para apoyar a las organizaciones relacionadas directa o indirectamente con la presentaci\u00f3n de servicios tur\u00edsticos en los Territorios del pa\u00eds, para promover su recuperaci\u00f3n luego de las afectaciones socioecon\u00f3micas causadas producto de la pandemia.\u00a0 Cada organizaci\u00f3n recibi\u00f3 \u20a15 millones para sus iniciativas, para un total de \u20a1235 millones de recursos no reembolsables que fueron entregados por el Instituto de Desarrollo Rural (Inder). La iniciativa fue lanzada en colaboraci\u00f3n con el Instituto Costarricense de Turismo (ICT) en el a\u00f1o 2021.\u00a0 El proyecto desarrollado fue el de una playa inclusiva, para lo cual se adquiri\u00f3 una rampa reciclada de pl\u00e1stico y una silla anfibia especial para usar en el agua. De esta forma, las personas en silla de ruedas o con movilidad reducida pueden ingresar y disfrutar de la playa con total seguridad para ellos y sus familias.\u00a0 La propuesta tambi\u00e9n cont\u00f3 con el apoyo del Consejo Nacional de Personas con Discapacidad (CONAPDIS), la Municipalidad de Parrita y la Red Costarricense de Turismo Accesible que se encarg\u00f3 de adquirir los equipos especializados. \u201cAl tiempo que se dan pasos decididos hacia la inclusividad, con este proyecto estamos apoyando la reactivaci\u00f3n econ\u00f3mica local, ya que se ven beneficiados tambi\u00e9n actividades como la venta de artesan\u00edas locales, los restaurantes locales y la comunidad en general\u201d apunt\u00f3 el presidente ejecutivo del Inder, Luis Diego Quesada.\u00a0 Seg\u00fan los datos de la ADI Playa Bandera, con esta iniciativa se ver\u00e1n beneficiadas unas 40 familias de forma directa y 30 indirectamente.\u00a0 Fuente: presidencia.go.cr<\/p>\n","protected":false},"author":1,"featured_media":2919,"comment_status":"open","ping_status":"open","sticky":false,"template":"","format":"standard","meta":{"om_disable_all_campaigns":false,"_monsterinsights_skip_tracking":false,"_monsterinsights_sitenote_active":false,"_monsterinsights_sitenote_note":"","_monsterinsights_sitenote_category":0,"_joinchat":[]},"categories":[19],"tags":[91,92,93,94,95],"_links":{"self":[{"href":"https:\/\/villatf.com\/es\/wp-json\/wp\/v2\/posts\/2918"}],"collection":[{"href":"https:\/\/villatf.com\/es\/wp-json\/wp\/v2\/posts"}],"about":[{"href":"https:\/\/villatf.com\/es\/wp-json\/wp\/v2\/types\/post"}],"author":[{"embeddable":true,"href":"https:\/\/villatf.com\/es\/wp-json\/wp\/v2\/users\/1"}],"replies":[{"embeddable":true,"href":"https:\/\/villatf.com\/es\/wp-json\/wp\/v2\/comments?post=2918"}],"version-history":[{"count":8,"href":"https:\/\/villatf.com\/es\/wp-json\/wp\/v2\/posts\/2918\/revisions"}],"predecessor-version":[{"id":2928,"href":"https:\/\/villatf.com\/es\/wp-json\/wp\/v2\/posts\/2918\/revisions\/2928"}],"wp:featuredmedia":[{"embeddable":true,"href":"https:\/\/villatf.com\/es\/wp-json\/wp\/v2\/media\/2919"}],"wp:attachment":[{"href":"https:\/\/villatf.com\/es\/wp-json\/wp\/v2\/media?parent=2918"}],"wp:term":[{"taxonomy":"category","embeddable":true,"href":"https:\/\/villatf.com\/es\/wp-json\/wp\/v2\/categories?post=2918"},{"taxonomy":"post_tag","embeddable":true,"href":"https:\/\/villatf.com\/es\/wp-json\/wp\/v2\/tags?post=2918"}],"curies":[{"name":"wp","href":"https:\/\/api.w.org\/{rel}","templated":true}]}}